{"id":35057,"date":"2020-03-30T14:45:09","date_gmt":"2020-03-30T12:45:09","guid":{"rendered":"https:\/\/explore-agadirsoussmassa.com\/agadir-imchguiguiln-ait-baha\/"},"modified":"2021-03-05T11:08:33","modified_gmt":"2021-03-05T10:08:33","slug":"agadir-granero-dimchguiguiln-chtouka-ait-baha","status":"publish","type":"post","link":"https:\/\/explore-agadirsoussmassa.com\/es\/agadir-granero-dimchguiguiln-chtouka-ait-baha\/","title":{"rendered":"Agadir Imchguiguiln &#8211; Chtouka Ait Baha"},"content":{"rendered":"<div id=\"pl-gb35057-69f4a15747332\"  class=\"panel-layout\" ><div id=\"pg-gb35057-69f4a15747332-0\"  class=\"panel-grid panel-no-style\" ><div id=\"pgc-gb35057-69f4a15747332-0-0\"  class=\"panel-grid-cell\" ><div id=\"panel-gb35057-69f4a15747332-0-0-0\" class=\"so-panel widget widget_text panel-first-child panel-last-child\" data-index=\"0\" ><div id=\"sdrstyle\" class=\"panel-widget-style panel-widget-style-for-gb35057-69f4a15747332-0-0-0\" >\t\t\t<div class=\"textwidget\"><h3 id=\"imchguiguiln-visita-de-un-granero-fortificado\">Imchguiguiln &#8211; Visita de un granero fortificado<\/h3>\n<p><em>Trayecto desde Agadir: 1h20mn \/ 70kms<\/em><\/p>\n<p>&nbsp;<\/p>\n<div class=\"thirdtitle bigsize\">UN GRANERO DE M\u00c1S DE 700 A\u00d1OS<\/div>\n<p>Es en el pa\u00eds de <a href=\"\/descubriendo-el-territorio-de-chtouka-ait-baha\/\">Ait Baha<\/a>, muy cerca de Agadir, donde se encuentra Agadir Imchguiguiln, uno de los \u00abigoudar\u00bb m\u00e1s antiguos de la regi\u00f3n.<\/p>\n<p>Este granero se distingue por su amplio pasillo formado por dos impresionantes hileras de caba\u00f1as que se utilizaban para almacenar alimentos, cosechas o incluso joyas y documentos preciosos. Este granero fortificado tiene alrededor de 750 a\u00f1os.<\/p>\n<p>Las recientes obras de rehabilitaci\u00f3n han permitido renovar una treintena de caba\u00f1as, la plaza central, una mezquita y dependencias, respetando las t\u00e9cnicas constructivas del <a href=\"\/category\/ideas-de-viaje\/montanas\/anti-atlas\/\">Anti-Atlas<\/a>.<\/p>\n<\/div>\n\t\t<\/div><\/div><\/div><\/div><\/div>\n\n<div class=\"cnvs-block-justified-gallery cnvs-block-justified-gallery-1595447490907\" >\n<div\n\tclass='gallery cnvs-gallery-type-justified'\n\tdata-jg-margins=\"10\"\n\tdata-jg-border=\"-10\"\n\tdata-jg-row-height=\"242\"\n\tdata-jg-max-row-height=\"200%\"\n\tdata-jg-last-row=\"justify\"\n\tdata-jg-captions=\"true\"\n\tdata-jg-randomize=\"false\"\n>\n\t\t\t<figure class=\"gallery-item\">\n\t\t\t\t\t\t\t<a href=\"https:\/\/explore-agadirsoussmassa.com\/wp-content\/uploads\/2020\/03\/imchguiguiln4.png\">\n\t\t\t\n\t\t\t<img loading=\"lazy\" decoding=\"async\" width=\"1160\" height=\"1393\" src=\"https:\/\/explore-agadirsoussmassa.com\/wp-content\/uploads\/2020\/03\/imchguiguiln4-1160x1393.png\" class=\"attachment-csco-1160 size-csco-1160\" alt=\"Passage - Imchguiguiln\" srcset=\"https:\/\/explore-agadirsoussmassa.com\/wp-content\/uploads\/2020\/03\/imchguiguiln4-1160x1393.png 1160w, https:\/\/explore-agadirsoussmassa.com\/wp-content\/uploads\/2020\/03\/imchguiguiln4-800x960.png 800w, https:\/\/explore-agadirsoussmassa.com\/wp-content\/uploads\/2020\/03\/imchguiguiln4-1279x1536.png 1279w, https:\/\/explore-agadirsoussmassa.com\/wp-content\/uploads\/2020\/03\/imchguiguiln4-320x384.png 320w, https:\/\/explore-agadirsoussmassa.com\/wp-content\/uploads\/2020\/03\/imchguiguiln4-560x672.png 560w, https:\/\/explore-agadirsoussmassa.com\/wp-content\/uploads\/2020\/03\/imchguiguiln4.png 1326w\" sizes=\"auto, (max-width: 1160px) 100vw, 1160px\" \/>\n\t\t\t\t\t\t\t<\/a>\n\t\t\t\n\t\t\t<div class=\"caption wp-caption-text gallery-caption\">Pasillo &#8211; Imchguiguiln<\/div>\t\t<\/figure>\n\t\t\t\t<figure class=\"gallery-item\">\n\t\t\t\t\t\t\t<a href=\"https:\/\/explore-agadirsoussmassa.com\/wp-content\/uploads\/2020\/03\/imchguiguiln24.png\">\n\t\t\t\n\t\t\t<img loading=\"lazy\" decoding=\"async\" width=\"1020\" height=\"764\" src=\"https:\/\/explore-agadirsoussmassa.com\/wp-content\/uploads\/2020\/03\/imchguiguiln24.png\" class=\"attachment-csco-1160 size-csco-1160\" alt=\"Agadir - Imchguiguiln\" srcset=\"https:\/\/explore-agadirsoussmassa.com\/wp-content\/uploads\/2020\/03\/imchguiguiln24.png 1020w, https:\/\/explore-agadirsoussmassa.com\/wp-content\/uploads\/2020\/03\/imchguiguiln24-800x599.png 800w, https:\/\/explore-agadirsoussmassa.com\/wp-content\/uploads\/2020\/03\/imchguiguiln24-320x240.png 320w, https:\/\/explore-agadirsoussmassa.com\/wp-content\/uploads\/2020\/03\/imchguiguiln24-300x225.png 300w, https:\/\/explore-agadirsoussmassa.com\/wp-content\/uploads\/2020\/03\/imchguiguiln24-560x420.png 560w\" sizes=\"auto, (max-width: 1020px) 100vw, 1020px\" \/>\n\t\t\t\t\t\t\t<\/a>\n\t\t\t\n\t\t\t<div class=\"caption wp-caption-text gallery-caption\">Agadir &#8211; Imchguiguiln<\/div>\t\t<\/figure>\n\t\t\t\t<figure class=\"gallery-item\">\n\t\t\t\t\t\t\t<a href=\"https:\/\/explore-agadirsoussmassa.com\/wp-content\/uploads\/2020\/03\/imchguiguiln1.png\">\n\t\t\t\n\t\t\t<img loading=\"lazy\" decoding=\"async\" width=\"1160\" height=\"756\" src=\"https:\/\/explore-agadirsoussmassa.com\/wp-content\/uploads\/2020\/03\/imchguiguiln1-1160x756.png\" class=\"attachment-csco-1160 size-csco-1160\" alt=\"Tour - Imchguiguiln\" srcset=\"https:\/\/explore-agadirsoussmassa.com\/wp-content\/uploads\/2020\/03\/imchguiguiln1-1160x756.png 1160w, https:\/\/explore-agadirsoussmassa.com\/wp-content\/uploads\/2020\/03\/imchguiguiln1-800x521.png 800w, https:\/\/explore-agadirsoussmassa.com\/wp-content\/uploads\/2020\/03\/imchguiguiln1-1536x1001.png 1536w, https:\/\/explore-agadirsoussmassa.com\/wp-content\/uploads\/2020\/03\/imchguiguiln1-320x209.png 320w, https:\/\/explore-agadirsoussmassa.com\/wp-content\/uploads\/2020\/03\/imchguiguiln1-560x365.png 560w, https:\/\/explore-agadirsoussmassa.com\/wp-content\/uploads\/2020\/03\/imchguiguiln1.png 1774w\" sizes=\"auto, (max-width: 1160px) 100vw, 1160px\" \/>\n\t\t\t\t\t\t\t<\/a>\n\t\t\t\n\t\t\t<div class=\"caption wp-caption-text gallery-caption\">Torre &#8211; Imchguiguiln<\/div>\t\t<\/figure>\n\t\t\t\t<figure class=\"gallery-item\">\n\t\t\t\t\t\t\t<a href=\"https:\/\/explore-agadirsoussmassa.com\/wp-content\/uploads\/2020\/03\/imchguiguiln23.png\">\n\t\t\t\n\t\t\t<img loading=\"lazy\" decoding=\"async\" width=\"1000\" height=\"752\" src=\"https:\/\/explore-agadirsoussmassa.com\/wp-content\/uploads\/2020\/03\/imchguiguiln23.png\" class=\"attachment-csco-1160 size-csco-1160\" alt=\"Agadir - Imchguiguiln\" srcset=\"https:\/\/explore-agadirsoussmassa.com\/wp-content\/uploads\/2020\/03\/imchguiguiln23.png 1000w, https:\/\/explore-agadirsoussmassa.com\/wp-content\/uploads\/2020\/03\/imchguiguiln23-800x602.png 800w, https:\/\/explore-agadirsoussmassa.com\/wp-content\/uploads\/2020\/03\/imchguiguiln23-320x240.png 320w, https:\/\/explore-agadirsoussmassa.com\/wp-content\/uploads\/2020\/03\/imchguiguiln23-300x225.png 300w, https:\/\/explore-agadirsoussmassa.com\/wp-content\/uploads\/2020\/03\/imchguiguiln23-560x420.png 560w\" sizes=\"auto, (max-width: 1000px) 100vw, 1000px\" \/>\n\t\t\t\t\t\t\t<\/a>\n\t\t\t\n\t\t\t<div class=\"caption wp-caption-text gallery-caption\">Granero &#8211; Imchguiguiln<\/div>\t\t<\/figure>\n\t\t<\/div>\n\n<\/div>\n\n<div id=\"pl-gb35057-69f4a1574a943\"  class=\"panel-layout\" ><div id=\"pg-gb35057-69f4a1574a943-0\"  class=\"panel-grid panel-no-style\" ><div id=\"pgc-gb35057-69f4a1574a943-0-0\"  class=\"panel-grid-cell\" ><div id=\"panel-gb35057-69f4a1574a943-0-0-0\" class=\"so-panel widget widget_text panel-first-child panel-last-child\" data-index=\"0\" ><div id=\"sdrstyle\" class=\"panel-widget-style panel-widget-style-for-gb35057-69f4a1574a943-0-0-0\" >\t\t\t<div class=\"textwidget\"><div class=\"thirdtitle bigsize\">PONGASE EN CONTACTO CON EL GUARDI\u00c1N PARA LA VISITA<\/div>\n<p>Al cruzar el pueblo, no dude en pedir el contacto del encargado del granero para asegurarse de que est\u00e9 abierto.<\/p>\n<p>&nbsp;<\/p>\n<p><em>C\u00f3mo llegar: <\/em><\/p>\n<p>Desde Agadir, tome la carretera 105 hacia Biougra \/ Ait Baha. Tras atravesar un magn\u00edfico paisaje de la <a href=\"\/la-reserva-de-la-biosfera-de-arganeraie-presentacion\/\">Reserva de la Biosfera de Arganeraie<\/a>, ver\u00e1 tres kil\u00f3metros antes de A\u00eft Baha, un gran cartel a la izquierda. El acceso en coche al pueblo de Imchguiguiln (30.094359, -9.164338) es f\u00e1cil.<\/p>\n<\/div>\n\t\t<\/div><\/div><\/div><\/div><div id=\"pg-gb35057-69f4a1574a943-1\"  class=\"panel-grid panel-no-style\" ><div id=\"pgc-gb35057-69f4a1574a943-1-0\"  class=\"panel-grid-cell\" ><div id=\"panel-gb35057-69f4a1574a943-1-0-0\" class=\"so-panel widget widget_text panel-first-child panel-last-child\" data-index=\"1\" >\t\t\t<div class=\"textwidget\"><p>\u00a0<\/p>\n<p>\u00a0<\/p>\n<\/div>\n\t\t<\/div><\/div><\/div><\/div>","protected":false},"excerpt":{"rendered":"<div class=\"post-excerpt\">Agadir Imchguiguiln tiene alrededor de 750 a\u00f1os. Las recientes obras de rehabilitaci\u00f3n han permitido renovar una treintena de caba\u00f1as, la plaza central, una mezquita y dependencias, respetando las t\u00e9cnicas constructivas del Anti-Atlas.<\/div>\n<div class=\"post-more\"><a href=\"https:\/\/explore-agadirsoussmassa.com\/es\/agadir-granero-dimchguiguiln-chtouka-ait-baha\/\" class=\"button button-primary button-effect\"><span>Ver detalle<\/span><span><i class=\"cs-icon cs-icon-arrow-right\"><\/i><\/span><\/a><\/div>\n","protected":false},"author":1,"featured_media":34486,"comment_status":"closed","ping_status":"closed","sticky":false,"template":"","format":"standard","meta":{"_acf_changed":false,"footnotes":""},"categories":[606,538,553,458],"tags":[],"powerkit_post_featured":[],"class_list":{"0":"post-35057","1":"post","2":"type-post","3":"status-publish","4":"format-standard","5":"has-post-thumbnail","7":"category-ait-baha-3","8":"category-arquitectura-patrimonio","9":"category-graneros-fortificados","10":"category-que-hacer"},"acf":[],"yoast_head":"<!-- This site is optimized with the Yoast SEO plugin v25.0 - https:\/\/yoast.com\/wordpress\/plugins\/seo\/ -->\n<title>Agadir Imchguiguiln - Chtouka Ait Baha - Explore Agadir Souss Massa<\/title>\n<meta name=\"description\" content=\"El granero - Agadir Imchguiguiln ha sido rehabilitado recientemente (una treintena de caba\u00f1as, la plaza central, ...). \u00a1Disfrute de su visita!\" \/>\n<meta name=\"robots\" content=\"index, follow, max-snippet:-1, max-image-preview:large, max-video-preview:-1\" \/>\n<link rel=\"canonical\" href=\"https:\/\/explore-agadirsoussmassa.com\/es\/agadir-granero-dimchguiguiln-chtouka-ait-baha\/\" \/>\n<meta property=\"og:locale\" content=\"es_ES\" \/>\n<meta property=\"og:type\" content=\"article\" \/>\n<meta property=\"og:title\" content=\"Agadir Imchguiguiln - Chtouka Ait Baha - Explore Agadir Souss Massa\" \/>\n<meta property=\"og:description\" content=\"El granero - Agadir Imchguiguiln ha sido rehabilitado recientemente (una treintena de caba\u00f1as, la plaza central, ...). \u00a1Disfrute de su visita!\" \/>\n<meta property=\"og:url\" content=\"https:\/\/explore-agadirsoussmassa.com\/es\/agadir-granero-dimchguiguiln-chtouka-ait-baha\/\" \/>\n<meta property=\"og:site_name\" content=\"Explore Agadir Souss Massa\" \/>\n<meta property=\"article:publisher\" content=\"https:\/\/www.facebook.com\/Explore-Souss-Massa-111659480353930\" \/>\n<meta property=\"article:published_time\" content=\"2020-03-30T12:45:09+00:00\" \/>\n<meta property=\"article:modified_time\" content=\"2021-03-05T10:08:33+00:00\" \/>\n<meta property=\"og:image\" content=\"https:\/\/explore-agadirsoussmassa.com\/wp-content\/uploads\/2020\/03\/Capture-d\u2019e\u0301cran-2020-05-30-a\u0300-23.26.07-min.png\" \/>\n\t<meta property=\"og:image:width\" content=\"1466\" \/>\n\t<meta property=\"og:image:height\" content=\"668\" \/>\n\t<meta property=\"og:image:type\" content=\"image\/png\" \/>\n<meta name=\"author\" content=\"soussmassa\" \/>\n<meta name=\"twitter:card\" content=\"summary_large_image\" \/>\n<meta name=\"twitter:label1\" content=\"Escrito por\" \/>\n\t<meta name=\"twitter:data1\" content=\"soussmassa\" \/>\n<script type=\"application\/ld+json\" class=\"yoast-schema-graph\">{\"@context\":\"https:\/\/schema.org\",\"@graph\":[{\"@type\":\"Article\",\"@id\":\"https:\/\/explore-agadirsoussmassa.com\/es\/agadir-granero-dimchguiguiln-chtouka-ait-baha\/#article\",\"isPartOf\":{\"@id\":\"https:\/\/explore-agadirsoussmassa.com\/es\/agadir-granero-dimchguiguiln-chtouka-ait-baha\/\"},\"author\":{\"name\":\"soussmassa\",\"@id\":\"https:\/\/explore-agadirsoussmassa.com\/es\/#\/schema\/person\/c019e4bcfef76d1c57d426107449d03e\"},\"headline\":\"Agadir Imchguiguiln &#8211; Chtouka Ait Baha\",\"datePublished\":\"2020-03-30T12:45:09+00:00\",\"dateModified\":\"2021-03-05T10:08:33+00:00\",\"mainEntityOfPage\":{\"@id\":\"https:\/\/explore-agadirsoussmassa.com\/es\/agadir-granero-dimchguiguiln-chtouka-ait-baha\/\"},\"wordCount\":6,\"publisher\":{\"@id\":\"https:\/\/explore-agadirsoussmassa.com\/es\/#organization\"},\"image\":{\"@id\":\"https:\/\/explore-agadirsoussmassa.com\/es\/agadir-granero-dimchguiguiln-chtouka-ait-baha\/#primaryimage\"},\"thumbnailUrl\":\"https:\/\/explore-agadirsoussmassa.com\/wp-content\/uploads\/2020\/03\/Capture-d\u2019e\u0301cran-2020-05-30-a\u0300-23.26.07-min.png\",\"articleSection\":[\"Ait Baha\",\"Arquitectura \/ Patrimonio\",\"Graneros fortificados\",\"Qu\u00e9 hacer\"],\"inLanguage\":\"es\"},{\"@type\":\"WebPage\",\"@id\":\"https:\/\/explore-agadirsoussmassa.com\/es\/agadir-granero-dimchguiguiln-chtouka-ait-baha\/\",\"url\":\"https:\/\/explore-agadirsoussmassa.com\/es\/agadir-granero-dimchguiguiln-chtouka-ait-baha\/\",\"name\":\"Agadir Imchguiguiln - Chtouka Ait Baha - Explore Agadir Souss Massa\",\"isPartOf\":{\"@id\":\"https:\/\/explore-agadirsoussmassa.com\/es\/#website\"},\"primaryImageOfPage\":{\"@id\":\"https:\/\/explore-agadirsoussmassa.com\/es\/agadir-granero-dimchguiguiln-chtouka-ait-baha\/#primaryimage\"},\"image\":{\"@id\":\"https:\/\/explore-agadirsoussmassa.com\/es\/agadir-granero-dimchguiguiln-chtouka-ait-baha\/#primaryimage\"},\"thumbnailUrl\":\"https:\/\/explore-agadirsoussmassa.com\/wp-content\/uploads\/2020\/03\/Capture-d\u2019e\u0301cran-2020-05-30-a\u0300-23.26.07-min.png\",\"datePublished\":\"2020-03-30T12:45:09+00:00\",\"dateModified\":\"2021-03-05T10:08:33+00:00\",\"description\":\"El granero - Agadir Imchguiguiln ha sido rehabilitado recientemente (una treintena de caba\u00f1as, la plaza central, ...). \u00a1Disfrute de su visita!\",\"breadcrumb\":{\"@id\":\"https:\/\/explore-agadirsoussmassa.com\/es\/agadir-granero-dimchguiguiln-chtouka-ait-baha\/#breadcrumb\"},\"inLanguage\":\"es\",\"potentialAction\":[{\"@type\":\"ReadAction\",\"target\":[\"https:\/\/explore-agadirsoussmassa.com\/es\/agadir-granero-dimchguiguiln-chtouka-ait-baha\/\"]}]},{\"@type\":\"ImageObject\",\"inLanguage\":\"es\",\"@id\":\"https:\/\/explore-agadirsoussmassa.com\/es\/agadir-granero-dimchguiguiln-chtouka-ait-baha\/#primaryimage\",\"url\":\"https:\/\/explore-agadirsoussmassa.com\/wp-content\/uploads\/2020\/03\/Capture-d\u2019e\u0301cran-2020-05-30-a\u0300-23.26.07-min.png\",\"contentUrl\":\"https:\/\/explore-agadirsoussmassa.com\/wp-content\/uploads\/2020\/03\/Capture-d\u2019e\u0301cran-2020-05-30-a\u0300-23.26.07-min.png\",\"width\":1466,\"height\":668},{\"@type\":\"BreadcrumbList\",\"@id\":\"https:\/\/explore-agadirsoussmassa.com\/es\/agadir-granero-dimchguiguiln-chtouka-ait-baha\/#breadcrumb\",\"itemListElement\":[{\"@type\":\"ListItem\",\"position\":1,\"name\":\"Accueil\",\"item\":\"https:\/\/explore-agadirsoussmassa.com\/es\/\"},{\"@type\":\"ListItem\",\"position\":2,\"name\":\"Agadir Imchguiguiln &#8211; Chtouka Ait Baha\"}]},{\"@type\":\"WebSite\",\"@id\":\"https:\/\/explore-agadirsoussmassa.com\/es\/#website\",\"url\":\"https:\/\/explore-agadirsoussmassa.com\/es\/\",\"name\":\"Explore Agadir Souss Massa\",\"description\":\"R\u00e9gion Souss Massa\",\"publisher\":{\"@id\":\"https:\/\/explore-agadirsoussmassa.com\/es\/#organization\"},\"potentialAction\":[{\"@type\":\"SearchAction\",\"target\":{\"@type\":\"EntryPoint\",\"urlTemplate\":\"https:\/\/explore-agadirsoussmassa.com\/es\/?s={search_term_string}\"},\"query-input\":{\"@type\":\"PropertyValueSpecification\",\"valueRequired\":true,\"valueName\":\"search_term_string\"}}],\"inLanguage\":\"es\"},{\"@type\":\"Organization\",\"@id\":\"https:\/\/explore-agadirsoussmassa.com\/es\/#organization\",\"name\":\"SDR Tourisme Souss Massa\",\"url\":\"https:\/\/explore-agadirsoussmassa.com\/es\/\",\"logo\":{\"@type\":\"ImageObject\",\"inLanguage\":\"es\",\"@id\":\"https:\/\/explore-agadirsoussmassa.com\/es\/#\/schema\/logo\/image\/\",\"url\":\"https:\/\/zt88dgbrixj.preview.infomaniak.website\/wp-content\/uploads\/2020\/08\/logo-sdr.png\",\"contentUrl\":\"https:\/\/zt88dgbrixj.preview.infomaniak.website\/wp-content\/uploads\/2020\/08\/logo-sdr.png\",\"width\":404,\"height\":286,\"caption\":\"SDR Tourisme Souss Massa\"},\"image\":{\"@id\":\"https:\/\/explore-agadirsoussmassa.com\/es\/#\/schema\/logo\/image\/\"},\"sameAs\":[\"https:\/\/www.facebook.com\/Explore-Souss-Massa-111659480353930\",\"https:\/\/www.instagram.com\/exploresoussmassamorocco\/\",\"https:\/\/www.youtube.com\/channel\/UCpSGZAsRRpG40CeT3UcIcOA\/videos\"]},{\"@type\":\"Person\",\"@id\":\"https:\/\/explore-agadirsoussmassa.com\/es\/#\/schema\/person\/c019e4bcfef76d1c57d426107449d03e\",\"name\":\"soussmassa\",\"image\":{\"@type\":\"ImageObject\",\"inLanguage\":\"es\",\"@id\":\"https:\/\/explore-agadirsoussmassa.com\/es\/#\/schema\/person\/image\/\",\"url\":\"https:\/\/secure.gravatar.com\/avatar\/71a3f2c422286f264199c19844c327bfdf2a272a6aab356511f8970061b8dc04?s=96&d=mm&r=g\",\"contentUrl\":\"https:\/\/secure.gravatar.com\/avatar\/71a3f2c422286f264199c19844c327bfdf2a272a6aab356511f8970061b8dc04?s=96&d=mm&r=g\",\"caption\":\"soussmassa\"}}]}<\/script>\n<!-- \/ Yoast SEO plugin. -->","yoast_head_json":{"title":"Agadir Imchguiguiln - Chtouka Ait Baha - Explore Agadir Souss Massa","description":"El granero - Agadir Imchguiguiln ha sido rehabilitado recientemente (una treintena de caba\u00f1as, la plaza central, ...). \u00a1Disfrute de su visita!","robots":{"index":"index","follow":"follow","max-snippet":"max-snippet:-1","max-image-preview":"max-image-preview:large","max-video-preview":"max-video-preview:-1"},"canonical":"https:\/\/explore-agadirsoussmassa.com\/es\/agadir-granero-dimchguiguiln-chtouka-ait-baha\/","og_locale":"es_ES","og_type":"article","og_title":"Agadir Imchguiguiln - Chtouka Ait Baha - Explore Agadir Souss Massa","og_description":"El granero - Agadir Imchguiguiln ha sido rehabilitado recientemente (una treintena de caba\u00f1as, la plaza central, ...). \u00a1Disfrute de su visita!","og_url":"https:\/\/explore-agadirsoussmassa.com\/es\/agadir-granero-dimchguiguiln-chtouka-ait-baha\/","og_site_name":"Explore Agadir Souss Massa","article_publisher":"https:\/\/www.facebook.com\/Explore-Souss-Massa-111659480353930","article_published_time":"2020-03-30T12:45:09+00:00","article_modified_time":"2021-03-05T10:08:33+00:00","og_image":[{"width":1466,"height":668,"url":"https:\/\/explore-agadirsoussmassa.com\/wp-content\/uploads\/2020\/03\/Capture-d\u2019e\u0301cran-2020-05-30-a\u0300-23.26.07-min.png","type":"image\/png"}],"author":"soussmassa","twitter_card":"summary_large_image","twitter_misc":{"Escrito por":"soussmassa"},"schema":{"@context":"https:\/\/schema.org","@graph":[{"@type":"Article","@id":"https:\/\/explore-agadirsoussmassa.com\/es\/agadir-granero-dimchguiguiln-chtouka-ait-baha\/#article","isPartOf":{"@id":"https:\/\/explore-agadirsoussmassa.com\/es\/agadir-granero-dimchguiguiln-chtouka-ait-baha\/"},"author":{"name":"soussmassa","@id":"https:\/\/explore-agadirsoussmassa.com\/es\/#\/schema\/person\/c019e4bcfef76d1c57d426107449d03e"},"headline":"Agadir Imchguiguiln &#8211; Chtouka Ait Baha","datePublished":"2020-03-30T12:45:09+00:00","dateModified":"2021-03-05T10:08:33+00:00","mainEntityOfPage":{"@id":"https:\/\/explore-agadirsoussmassa.com\/es\/agadir-granero-dimchguiguiln-chtouka-ait-baha\/"},"wordCount":6,"publisher":{"@id":"https:\/\/explore-agadirsoussmassa.com\/es\/#organization"},"image":{"@id":"https:\/\/explore-agadirsoussmassa.com\/es\/agadir-granero-dimchguiguiln-chtouka-ait-baha\/#primaryimage"},"thumbnailUrl":"https:\/\/explore-agadirsoussmassa.com\/wp-content\/uploads\/2020\/03\/Capture-d\u2019e\u0301cran-2020-05-30-a\u0300-23.26.07-min.png","articleSection":["Ait Baha","Arquitectura \/ Patrimonio","Graneros fortificados","Qu\u00e9 hacer"],"inLanguage":"es"},{"@type":"WebPage","@id":"https:\/\/explore-agadirsoussmassa.com\/es\/agadir-granero-dimchguiguiln-chtouka-ait-baha\/","url":"https:\/\/explore-agadirsoussmassa.com\/es\/agadir-granero-dimchguiguiln-chtouka-ait-baha\/","name":"Agadir Imchguiguiln - Chtouka Ait Baha - Explore Agadir Souss Massa","isPartOf":{"@id":"https:\/\/explore-agadirsoussmassa.com\/es\/#website"},"primaryImageOfPage":{"@id":"https:\/\/explore-agadirsoussmassa.com\/es\/agadir-granero-dimchguiguiln-chtouka-ait-baha\/#primaryimage"},"image":{"@id":"https:\/\/explore-agadirsoussmassa.com\/es\/agadir-granero-dimchguiguiln-chtouka-ait-baha\/#primaryimage"},"thumbnailUrl":"https:\/\/explore-agadirsoussmassa.com\/wp-content\/uploads\/2020\/03\/Capture-d\u2019e\u0301cran-2020-05-30-a\u0300-23.26.07-min.png","datePublished":"2020-03-30T12:45:09+00:00","dateModified":"2021-03-05T10:08:33+00:00","description":"El granero - Agadir Imchguiguiln ha sido rehabilitado recientemente (una treintena de caba\u00f1as, la plaza central, ...). \u00a1Disfrute de su visita!","breadcrumb":{"@id":"https:\/\/explore-agadirsoussmassa.com\/es\/agadir-granero-dimchguiguiln-chtouka-ait-baha\/#breadcrumb"},"inLanguage":"es","potentialAction":[{"@type":"ReadAction","target":["https:\/\/explore-agadirsoussmassa.com\/es\/agadir-granero-dimchguiguiln-chtouka-ait-baha\/"]}]},{"@type":"ImageObject","inLanguage":"es","@id":"https:\/\/explore-agadirsoussmassa.com\/es\/agadir-granero-dimchguiguiln-chtouka-ait-baha\/#primaryimage","url":"https:\/\/explore-agadirsoussmassa.com\/wp-content\/uploads\/2020\/03\/Capture-d\u2019e\u0301cran-2020-05-30-a\u0300-23.26.07-min.png","contentUrl":"https:\/\/explore-agadirsoussmassa.com\/wp-content\/uploads\/2020\/03\/Capture-d\u2019e\u0301cran-2020-05-30-a\u0300-23.26.07-min.png","width":1466,"height":668},{"@type":"BreadcrumbList","@id":"https:\/\/explore-agadirsoussmassa.com\/es\/agadir-granero-dimchguiguiln-chtouka-ait-baha\/#breadcrumb","itemListElement":[{"@type":"ListItem","position":1,"name":"Accueil","item":"https:\/\/explore-agadirsoussmassa.com\/es\/"},{"@type":"ListItem","position":2,"name":"Agadir Imchguiguiln &#8211; Chtouka Ait Baha"}]},{"@type":"WebSite","@id":"https:\/\/explore-agadirsoussmassa.com\/es\/#website","url":"https:\/\/explore-agadirsoussmassa.com\/es\/","name":"Explore Agadir Souss Massa","description":"R\u00e9gion Souss Massa","publisher":{"@id":"https:\/\/explore-agadirsoussmassa.com\/es\/#organization"},"potentialAction":[{"@type":"SearchAction","target":{"@type":"EntryPoint","urlTemplate":"https:\/\/explore-agadirsoussmassa.com\/es\/?s={search_term_string}"},"query-input":{"@type":"PropertyValueSpecification","valueRequired":true,"valueName":"search_term_string"}}],"inLanguage":"es"},{"@type":"Organization","@id":"https:\/\/explore-agadirsoussmassa.com\/es\/#organization","name":"SDR Tourisme Souss Massa","url":"https:\/\/explore-agadirsoussmassa.com\/es\/","logo":{"@type":"ImageObject","inLanguage":"es","@id":"https:\/\/explore-agadirsoussmassa.com\/es\/#\/schema\/logo\/image\/","url":"https:\/\/zt88dgbrixj.preview.infomaniak.website\/wp-content\/uploads\/2020\/08\/logo-sdr.png","contentUrl":"https:\/\/zt88dgbrixj.preview.infomaniak.website\/wp-content\/uploads\/2020\/08\/logo-sdr.png","width":404,"height":286,"caption":"SDR Tourisme Souss Massa"},"image":{"@id":"https:\/\/explore-agadirsoussmassa.com\/es\/#\/schema\/logo\/image\/"},"sameAs":["https:\/\/www.facebook.com\/Explore-Souss-Massa-111659480353930","https:\/\/www.instagram.com\/exploresoussmassamorocco\/","https:\/\/www.youtube.com\/channel\/UCpSGZAsRRpG40CeT3UcIcOA\/videos"]},{"@type":"Person","@id":"https:\/\/explore-agadirsoussmassa.com\/es\/#\/schema\/person\/c019e4bcfef76d1c57d426107449d03e","name":"soussmassa","image":{"@type":"ImageObject","inLanguage":"es","@id":"https:\/\/explore-agadirsoussmassa.com\/es\/#\/schema\/person\/image\/","url":"https:\/\/secure.gravatar.com\/avatar\/71a3f2c422286f264199c19844c327bfdf2a272a6aab356511f8970061b8dc04?s=96&d=mm&r=g","contentUrl":"https:\/\/secure.gravatar.com\/avatar\/71a3f2c422286f264199c19844c327bfdf2a272a6aab356511f8970061b8dc04?s=96&d=mm&r=g","caption":"soussmassa"}}]}},"_links":{"self":[{"href":"https:\/\/explore-agadirsoussmassa.com\/es\/wp-json\/wp\/v2\/posts\/35057","targetHints":{"allow":["GET"]}}],"collection":[{"href":"https:\/\/explore-agadirsoussmassa.com\/es\/wp-json\/wp\/v2\/posts"}],"about":[{"href":"https:\/\/explore-agadirsoussmassa.com\/es\/wp-json\/wp\/v2\/types\/post"}],"author":[{"embeddable":true,"href":"https:\/\/explore-agadirsoussmassa.com\/es\/wp-json\/wp\/v2\/users\/1"}],"replies":[{"embeddable":true,"href":"https:\/\/explore-agadirsoussmassa.com\/es\/wp-json\/wp\/v2\/comments?post=35057"}],"version-history":[{"count":4,"href":"https:\/\/explore-agadirsoussmassa.com\/es\/wp-json\/wp\/v2\/posts\/35057\/revisions"}],"predecessor-version":[{"id":41722,"href":"https:\/\/explore-agadirsoussmassa.com\/es\/wp-json\/wp\/v2\/posts\/35057\/revisions\/41722"}],"wp:featuredmedia":[{"embeddable":true,"href":"https:\/\/explore-agadirsoussmassa.com\/es\/wp-json\/wp\/v2\/media\/34486"}],"wp:attachment":[{"href":"https:\/\/explore-agadirsoussmassa.com\/es\/wp-json\/wp\/v2\/media?parent=35057"}],"wp:term":[{"taxonomy":"category","embeddable":true,"href":"https:\/\/explore-agadirsoussmassa.com\/es\/wp-json\/wp\/v2\/categories?post=35057"},{"taxonomy":"post_tag","embeddable":true,"href":"https:\/\/explore-agadirsoussmassa.com\/es\/wp-json\/wp\/v2\/tags?post=35057"},{"taxonomy":"powerkit_post_featured","embeddable":true,"href":"https:\/\/explore-agadirsoussmassa.com\/es\/wp-json\/wp\/v2\/powerkit_post_featured?post=35057"}],"curies":[{"name":"wp","href":"https:\/\/api.w.org\/{rel}","templated":true}]}}